{"id":392,"date":"2021-07-29T12:36:16","date_gmt":"2021-07-29T12:36:16","guid":{"rendered":"http:\/\/casaedianatiago-stp.com\/?p=392"},"modified":"2021-08-05T22:28:15","modified_gmt":"2021-08-05T22:28:15","slug":"imersao-na-vida-local","status":"publish","type":"post","link":"https:\/\/casaedianatiago-stp.com\/index.php\/2021\/07\/29\/imersao-na-vida-local\/","title":{"rendered":"Imers\u00e3o na vida local"},"content":{"rendered":"\t\t<div data-elementor-type=\"wp-post\" data-elementor-id=\"392\" class=\"elementor elementor-392\" data-elementor-settings=\"{&quot;ha_cmc_init_switcher&quot;:&quot;no&quot;}\">\n\t\t\t\t\t\t<section class=\"elementor-section elementor-top-section elementor-element elementor-element-74d413a elementor-section-boxed elementor-section-height-default elementor-section-height-default\" data-id=\"74d413a\" data-element_type=\"section\" data-e-type=\"section\" data-settings=\"{&quot;_ha_eqh_enable&quot;:false}\">\n\t\t\t\t\t\t<div class=\"elementor-container elementor-column-gap-default\">\n\t\t\t\t\t<div class=\"elementor-column elementor-col-20 elementor-top-column elementor-element elementor-element-d64768d\" data-id=\"d64768d\" data-element_type=\"column\" data-e-type=\"column\">\n\t\t\t<div class=\"elementor-widget-wrap\">\n\t\t\t\t\t\t\t<\/div>\n\t\t<\/div>\n\t\t\t\t<div class=\"elementor-column elementor-col-20 elementor-top-column elementor-element elementor-element-0387b14\" data-id=\"0387b14\" data-element_type=\"column\" data-e-type=\"column\">\n\t\t\t<div class=\"elementor-widget-wrap\">\n\t\t\t\t\t\t\t<\/div>\n\t\t<\/div>\n\t\t\t\t<div class=\"elementor-column elementor-col-20 elementor-top-column elementor-element elementor-element-02a28ba\" data-id=\"02a28ba\" data-element_type=\"column\" data-e-type=\"column\">\n\t\t\t<div class=\"elementor-widget-wrap elementor-element-populated\">\n\t\t\t\t\t\t<div class=\"elementor-element elementor-element-234c833 elementor-widget elementor-widget-image\" data-id=\"234c833\" data-element_type=\"widget\" data-e-type=\"widget\" data-widget_type=\"image.default\">\n\t\t\t\t<div class=\"elementor-widget-container\">\n\t\t\t\t\t\t\t\t\t\t\t\t\t\t\t<img fetchpriority=\"high\" decoding=\"async\" width=\"512\" height=\"512\" src=\"https:\/\/casaedianatiago-stp.com\/wp-content\/uploads\/2021\/07\/cropped-cropped-logo-Casa-Ediana-2.jpeg\" class=\"attachment-large size-large wp-image-71\" alt=\"\" srcset=\"https:\/\/casaedianatiago-stp.com\/wp-content\/uploads\/2021\/07\/cropped-cropped-logo-Casa-Ediana-2.jpeg 512w, https:\/\/casaedianatiago-stp.com\/wp-content\/uploads\/2021\/07\/cropped-cropped-logo-Casa-Ediana-2-300x300.jpeg 300w, https:\/\/casaedianatiago-stp.com\/wp-content\/uploads\/2021\/07\/cropped-cropped-logo-Casa-Ediana-2-150x150.jpeg 150w, https:\/\/casaedianatiago-stp.com\/wp-content\/uploads\/2021\/07\/cropped-cropped-logo-Casa-Ediana-2-270x270.jpeg 270w, https:\/\/casaedianatiago-stp.com\/wp-content\/uploads\/2021\/07\/cropped-cropped-logo-Casa-Ediana-2-192x192.jpeg 192w, https:\/\/casaedianatiago-stp.com\/wp-content\/uploads\/2021\/07\/cropped-cropped-logo-Casa-Ediana-2-180x180.jpeg 180w, https:\/\/casaedianatiago-stp.com\/wp-content\/uploads\/2021\/07\/cropped-cropped-logo-Casa-Ediana-2-32x32.jpeg 32w\" sizes=\"(max-width: 512px) 100vw, 512px\" \/>\t\t\t\t\t\t\t\t\t\t\t\t\t\t\t<\/div>\n\t\t\t\t<\/div>\n\t\t\t\t\t<\/div>\n\t\t<\/div>\n\t\t\t\t<div class=\"elementor-column elementor-col-20 elementor-top-column elementor-element elementor-element-969fd72\" data-id=\"969fd72\" data-element_type=\"column\" data-e-type=\"column\">\n\t\t\t<div class=\"elementor-widget-wrap\">\n\t\t\t\t\t\t\t<\/div>\n\t\t<\/div>\n\t\t\t\t<div class=\"elementor-column elementor-col-20 elementor-top-column elementor-element elementor-element-2b36977\" data-id=\"2b36977\" data-element_type=\"column\" data-e-type=\"column\">\n\t\t\t<div class=\"elementor-widget-wrap\">\n\t\t\t\t\t\t\t<\/div>\n\t\t<\/div>\n\t\t\t\t\t<\/div>\n\t\t<\/section>\n\t\t\t\t<section class=\"elementor-section elementor-top-section elementor-element elementor-element-4ffbf70 elementor-section-boxed elementor-section-height-default elementor-section-height-default\" data-id=\"4ffbf70\" data-element_type=\"section\" data-e-type=\"section\" data-settings=\"{&quot;_ha_eqh_enable&quot;:false}\">\n\t\t\t\t\t\t<div class=\"elementor-container elementor-column-gap-default\">\n\t\t\t\t\t<div class=\"elementor-column elementor-col-100 elementor-top-column elementor-element elementor-element-157b2a1\" data-id=\"157b2a1\" data-element_type=\"column\" data-e-type=\"column\">\n\t\t\t<div class=\"elementor-widget-wrap elementor-element-populated\">\n\t\t\t\t\t\t<div class=\"elementor-element elementor-element-272956f elementor-widget elementor-widget-text-editor\" data-id=\"272956f\" data-element_type=\"widget\" data-e-type=\"widget\" data-widget_type=\"text-editor.default\">\n\t\t\t\t<div class=\"elementor-widget-container\">\n\t\t\t\t\t\t\t\t\t<p><span data-contrast=\"auto\">Casa\u00a0Ediana\u00a0e Casa Tiago fazem parte da associa\u00e7\u00e3o PTP SANTOLA: uma associa\u00e7\u00e3o que pretende que o turismo que se come\u00e7a a desenvolver no arquip\u00e9lago seja uma oportunidade de encontros e interc\u00e2mbios.<\/span><span data-ccp-props=\"{&quot;201341983&quot;:0,&quot;335551550&quot;:6,&quot;335551620&quot;:6,&quot;335559739&quot;:160,&quot;335559740&quot;:259}\">\u00a0<\/span><\/p><p><span data-contrast=\"auto\">A ideia que fundamenta esta associa\u00e7\u00e3o \u00e9 a seguinte. Em muitos dos chamados pa\u00edses \u201cem desenvolvimento\u201d, o turismo internacional \u00e9 uma fonte de tens\u00e3o social: os turistas despertam um sentimento de inveja na popula\u00e7\u00e3o local e, involuntariamente, fomentam frustra\u00e7\u00e3o entre aqueles que n\u00e3o tem os meios para adquirir os bens de consumo que os estrangeiros exibem. O turismo torna-se assim uma das causas da emigra\u00e7\u00e3o para pa\u00edses onde os jovens pensam que a\u00ed, na Europa e na Am\u00e9rica, a vida \u00e9 f\u00e1cil e que se v\u00e3o gozar dos prazeres do para\u00edso. Ao mesmo tempo, os turistas visitam \u00e0s nossas ilhas porque pensam que uma ilha tropical \u00e9 necessariamente uma imagem do Jardim do \u00c9den; mas, desse \u00c9den, na maioria das vezes eles s\u00f3 ter\u00e3o uma vis\u00e3o fantasma; por falta de tempo e oportunidade de conhecer os moradores, n\u00e3o tomam conhecimento s\u00e9rio das pessoas e dos modos de vida que v\u00e3o constatar\u00a0<\/span><span data-contrast=\"auto\">durante as f\u00e9rias.<\/span><span data-ccp-props=\"{&quot;201341983&quot;:0,&quot;335551550&quot;:6,&quot;335551620&quot;:6,&quot;335559739&quot;:160,&quot;335559740&quot;:259}\">\u00a0<\/span><\/p><p><span data-contrast=\"auto\">Temos a sorte de viver num arquip\u00e9lago bastante privilegiado pela natureza (beleza das paisagens, fertilidade do solo) e de ter, apesar de uma hist\u00f3ria agitada e por vezes dolorosa, criado uma arte de viver baseada na frugalidade, no conv\u00edvio, na express\u00e3o art\u00edstica e gosto pela beleza espalhado pela popula\u00e7\u00e3o, onde calma e bom humor s\u00e3o considerados a virtude suprema.\u00a0\u00a0\u00a0<\/span><span data-ccp-props=\"{&quot;201341983&quot;:0,&quot;335551550&quot;:6,&quot;335551620&quot;:6,&quot;335559739&quot;:160,&quot;335559740&quot;:259}\">\u00a0<\/span><\/p><p><span data-contrast=\"auto\">Precisamos realmente conhecer voc\u00eas, visitantes; isso abrir\u00e1 os nossos horizontes insulares um tanto restritos. E temos certeza que, do seu lado,\u00a0voc\u00eas tem\u00a0muito a ganhar em entender o nosso modo de vida, o nosso jeito de ser, a maneira como temos de superar nossas dificuldades; a nossa filosofia \u201cleve-leve\u201d.<\/span><span data-ccp-props=\"{&quot;201341983&quot;:0,&quot;335551550&quot;:6,&quot;335551620&quot;:6,&quot;335559739&quot;:160,&quot;335559740&quot;:259}\">\u00a0<\/span><\/p><p><span data-contrast=\"auto\">Da\u00ed o nosso empenho em promover um turismo diferente, um turismo de proximidade.<\/span><span data-ccp-props=\"{&quot;201341983&quot;:0,&quot;335551550&quot;:6,&quot;335551620&quot;:6,&quot;335559739&quot;:160,&quot;335559740&quot;:259}\">\u00a0<\/span><\/p><p><span data-contrast=\"auto\">Por isso, de acordo com o regulamento da PTP SANTOLA, temos o compromisso de garantir que o nosso relacionamento com nossos h\u00f3spedes n\u00e3o seja apenas comercial; faremos todo o poss\u00edvel para que conhe\u00e7am o pa\u00eds &#8220;por dentro&#8221;, acompanhando-os aos locais que gostamos de frequentar (bares, festas populares, bailes), guiando-os em excurs\u00f5es ou passeios. dando-lhes um gostinho da gastronomia local e explicando-lhes a nossa sociedade e cultura santomense.<\/span><span data-ccp-props=\"{&quot;201341983&quot;:0,&quot;335551550&quot;:6,&quot;335551620&quot;:6,&quot;335559739&quot;:160,&quot;335559740&quot;:259}\">\u00a0<\/span><\/p><p>\u00a0<\/p>\t\t\t\t\t\t\t\t<\/div>\n\t\t\t\t<\/div>\n\t\t\t\t\t<\/div>\n\t\t<\/div>\n\t\t\t\t\t<\/div>\n\t\t<\/section>\n\t\t\t\t<section class=\"elementor-section elementor-top-section elementor-element elementor-element-c33b7c9 elementor-section-boxed elementor-section-height-default elementor-section-height-default\" data-id=\"c33b7c9\" data-element_type=\"section\" data-e-type=\"section\" data-settings=\"{&quot;_ha_eqh_enable&quot;:false}\">\n\t\t\t\t\t\t<div class=\"elementor-container elementor-column-gap-default\">\n\t\t\t\t\t<div class=\"elementor-column elementor-col-33 elementor-top-column elementor-element elementor-element-91cf9e6\" data-id=\"91cf9e6\" data-element_type=\"column\" data-e-type=\"column\">\n\t\t\t<div class=\"elementor-widget-wrap elementor-element-populated\">\n\t\t\t\t\t\t<div class=\"elementor-element elementor-element-2f022b9 elementor-widget elementor-widget-heading\" data-id=\"2f022b9\" data-element_type=\"widget\" data-e-type=\"widget\" data-widget_type=\"heading.default\">\n\t\t\t\t<div class=\"elementor-widget-container\">\n\t\t\t\t\t<h2 class=\"elementor-heading-title elementor-size-default\">Quiosque Bel\u00e9m <\/h2>\t\t\t\t<\/div>\n\t\t\t\t<\/div>\n\t\t\t\t<div class=\"elementor-element elementor-element-d400501 elementor-widget elementor-widget-image\" data-id=\"d400501\" data-element_type=\"widget\" data-e-type=\"widget\" data-widget_type=\"image.default\">\n\t\t\t\t<div class=\"elementor-widget-container\">\n\t\t\t\t\t\t\t\t\t\t\t\t\t\t\t<img decoding=\"async\" width=\"577\" height=\"433\" src=\"https:\/\/casaedianatiago-stp.com\/wp-content\/uploads\/2021\/07\/3-kiosque-restaurant-chez-Berta-pm.jpeg\" class=\"attachment-large size-large wp-image-338\" alt=\"\" srcset=\"https:\/\/casaedianatiago-stp.com\/wp-content\/uploads\/2021\/07\/3-kiosque-restaurant-chez-Berta-pm.jpeg 577w, https:\/\/casaedianatiago-stp.com\/wp-content\/uploads\/2021\/07\/3-kiosque-restaurant-chez-Berta-pm-300x225.jpeg 300w\" sizes=\"(max-width: 577px) 100vw, 577px\" \/>\t\t\t\t\t\t\t\t\t\t\t\t\t\t\t<\/div>\n\t\t\t\t<\/div>\n\t\t\t\t\t<\/div>\n\t\t<\/div>\n\t\t\t\t<div class=\"elementor-column elementor-col-33 elementor-top-column elementor-element elementor-element-353ac6c\" data-id=\"353ac6c\" data-element_type=\"column\" data-e-type=\"column\">\n\t\t\t<div class=\"elementor-widget-wrap elementor-element-populated\">\n\t\t\t\t\t\t<div class=\"elementor-element elementor-element-73caea5 elementor-widget elementor-widget-heading\" data-id=\"73caea5\" data-element_type=\"widget\" data-e-type=\"widget\" data-widget_type=\"heading.default\">\n\t\t\t\t<div class=\"elementor-widget-container\">\n\t\t\t\t\t<h2 class=\"elementor-heading-title elementor-size-default\">Um \"corta mato\" com escadas <\/h2>\t\t\t\t<\/div>\n\t\t\t\t<\/div>\n\t\t\t\t<div class=\"elementor-element elementor-element-ccc2b1e elementor-widget elementor-widget-image\" data-id=\"ccc2b1e\" data-element_type=\"widget\" data-e-type=\"widget\" data-widget_type=\"image.default\">\n\t\t\t\t<div class=\"elementor-widget-container\">\n\t\t\t\t\t\t\t\t\t\t\t\t\t\t\t<img decoding=\"async\" width=\"577\" height=\"433\" src=\"https:\/\/casaedianatiago-stp.com\/wp-content\/uploads\/2021\/07\/3-Agua-Seca-escaliers-passants-pm.jpeg\" class=\"attachment-large size-large wp-image-507\" alt=\"\" srcset=\"https:\/\/casaedianatiago-stp.com\/wp-content\/uploads\/2021\/07\/3-Agua-Seca-escaliers-passants-pm.jpeg 577w, https:\/\/casaedianatiago-stp.com\/wp-content\/uploads\/2021\/07\/3-Agua-Seca-escaliers-passants-pm-300x225.jpeg 300w\" sizes=\"(max-width: 577px) 100vw, 577px\" \/>\t\t\t\t\t\t\t\t\t\t\t\t\t\t\t<\/div>\n\t\t\t\t<\/div>\n\t\t\t\t\t<\/div>\n\t\t<\/div>\n\t\t\t\t<div class=\"elementor-column elementor-col-33 elementor-top-column elementor-element elementor-element-eca2bc9\" data-id=\"eca2bc9\" data-element_type=\"column\" data-e-type=\"column\">\n\t\t\t<div class=\"elementor-widget-wrap elementor-element-populated\">\n\t\t\t\t\t\t<div class=\"elementor-element elementor-element-0ce328a elementor-widget elementor-widget-heading\" data-id=\"0ce328a\" data-element_type=\"widget\" data-e-type=\"widget\" data-widget_type=\"heading.default\">\n\t\t\t\t<div class=\"elementor-widget-container\">\n\t\t\t\t\t<h2 class=\"elementor-heading-title elementor-size-default\">lavando na lavandaria <\/h2>\t\t\t\t<\/div>\n\t\t\t\t<\/div>\n\t\t\t\t<div class=\"elementor-element elementor-element-3a58144 elementor-widget elementor-widget-image\" data-id=\"3a58144\" data-element_type=\"widget\" data-e-type=\"widget\" data-widget_type=\"image.default\">\n\t\t\t\t<div class=\"elementor-widget-container\">\n\t\t\t\t\t\t\t\t\t\t\t\t\t\t\t<img loading=\"lazy\" decoding=\"async\" width=\"577\" height=\"433\" src=\"https:\/\/casaedianatiago-stp.com\/wp-content\/uploads\/2021\/07\/lessive-au-lavoir-PP-MZ-09-pm.jpeg\" class=\"attachment-large size-large wp-image-508\" alt=\"\" srcset=\"https:\/\/casaedianatiago-stp.com\/wp-content\/uploads\/2021\/07\/lessive-au-lavoir-PP-MZ-09-pm.jpeg 577w, https:\/\/casaedianatiago-stp.com\/wp-content\/uploads\/2021\/07\/lessive-au-lavoir-PP-MZ-09-pm-300x225.jpeg 300w\" sizes=\"(max-width: 577px) 100vw, 577px\" \/>\t\t\t\t\t\t\t\t\t\t\t\t\t\t\t<\/div>\n\t\t\t\t<\/div>\n\t\t\t\t\t<\/div>\n\t\t<\/div>\n\t\t\t\t\t<\/div>\n\t\t<\/section>\n\t\t\t\t<section class=\"elementor-section elementor-top-section elementor-element elementor-element-759d9f0 elementor-section-boxed elementor-section-height-default elementor-section-height-default\" data-id=\"759d9f0\" data-element_type=\"section\" data-e-type=\"section\" data-settings=\"{&quot;_ha_eqh_enable&quot;:false}\">\n\t\t\t\t\t\t<div class=\"elementor-container elementor-column-gap-default\">\n\t\t\t\t\t<div class=\"elementor-column elementor-col-50 elementor-top-column elementor-element elementor-element-76e9c87\" data-id=\"76e9c87\" data-element_type=\"column\" data-e-type=\"column\">\n\t\t\t<div class=\"elementor-widget-wrap elementor-element-populated\">\n\t\t\t\t\t\t<div class=\"elementor-element elementor-element-220388a elementor-widget elementor-widget-text-editor\" data-id=\"220388a\" data-element_type=\"widget\" data-e-type=\"widget\" data-widget_type=\"text-editor.default\">\n\t\t\t\t<div class=\"elementor-widget-container\">\n\t\t\t\t\t\t\t\t\t<p><span data-contrast=\"auto\">Claro, voc\u00ea tem todo o direito, ao ficar na Casa\u00a0Ediana\u00a0ou na Casa Tiago, de tomar as chaves da casa no dia da sua chegada e devolv\u00ea-las no dia da partida depois de ter feito a sua estadia como voc\u00ea quer sem usar os nossos servi\u00e7os; n\u00e3o ficaremos chocados. Todas pessoas t\u00eam direito a ficar sozinhas, em casal ou em fam\u00edlia para passar as f\u00e9rias, e ningu\u00e9m deve se sentir obrigado a criar la\u00e7os com novas pessoas. Mas saiba que os membros da associa\u00e7\u00e3o PTP SANTOLA est\u00e3o a\u00ed para abrir as portas da nossa ilha, se assim o desejar.<\/span><span data-ccp-props=\"{&quot;201341983&quot;:0,&quot;335551550&quot;:6,&quot;335551620&quot;:6,&quot;335559739&quot;:160,&quot;335559740&quot;:259}\">\u00a0<\/span><\/p><p>\u00a0<br \/><span data-ccp-props=\"{&quot;201341983&quot;:0,&quot;335551550&quot;:6,&quot;335551620&quot;:6,&quot;335559739&quot;:160,&quot;335559740&quot;:259}\">\u00a0<\/span><\/p><p><span data-contrast=\"auto\">O per\u00edodo m\u00ednimo de perman\u00eancia nas nossas casas \u00e9 de dois dias. Mas estamos tentando encorajar estadias mais longas (10 euros de desconto por noite a partir do quinto dia). Ficando mais tempo, voc\u00ea ser\u00e1 capaz de estabelecer rela\u00e7\u00f5es com os seus vizinhos da aldeia: a fam\u00edlia da Senhora Sila, de quem voc\u00ea pode comprar ovos das suas galinhas, que v\u00eam bicar no nosso jardim ou pousam em tumulto no telhado das casas para tomar banhos de sol &#8211; galinhas voam alto em S\u00e3o Tom\u00e9; Senhora Tia, que faz iogurtes caseiros a vender; Wilson, que poder\u00e1 abastec\u00ea-lo na esta\u00e7\u00e3o com tomates, pepinos, piment\u00f5es e, durante todo o ano, com a cerveja nacional, da qual ele \u00e9 o revendedor local; mas tamb\u00e9m todas as outras que n\u00e3o t\u00eam nada para lhe vender, que trabalham na constru\u00e7\u00e3o, ou como lenhadores, ou pequenos funcion\u00e1rios, e essas mulheres que, depois de um dia na lavandaria e no trabalho dom\u00e9stico, vem passar alguns minutos a conversar nos bancos de madeira \u00e0 beira da estrada e gostariam de saber mais sobre a sua vida na Europa, a forma como voc\u00eas resolvem os seus problemas de lavagem e engomagem de roupa ou a forma como criam os seus filhos. E quem est\u00e1 morrendo de curiosidade por voc\u00eas s\u00e3o todas as crian\u00e7as da vizinhan\u00e7a, que v\u00e3o brincar com as suas e v\u00ea-los entrar e sair com olhos enormes cumprimentando-o com um &#8220;Ol\u00e1! Tudo bem?\u201d. Faz favor de trazer fotos da sua casa, de aspetos da vida cotidiana na Europa, para mostr\u00e1-las \u00e0s pessoas que voc\u00ea vai conhecer; assim, voc\u00ea vai possibilitar que elas viajem um pouco.\u00a0\u00a0<\/span><span data-ccp-props=\"{&quot;201341983&quot;:0,&quot;335551550&quot;:6,&quot;335551620&quot;:6,&quot;335559739&quot;:160,&quot;335559740&quot;:259}\">\u00a0<\/span><\/p><p>\u00a0<br \/><span data-ccp-props=\"{&quot;201341983&quot;:0,&quot;335551550&quot;:6,&quot;335551620&quot;:6,&quot;335559739&quot;:160,&quot;335559740&quot;:259}\">\u00a0<\/span><\/p><p><i><span data-contrast=\"auto\">Visite Bel\u00e9m; a vida nas ruas, e por tr\u00e1s das fachadas das casas.<\/span><\/i><span data-ccp-props=\"{&quot;201341983&quot;:0,&quot;335551550&quot;:6,&quot;335551620&quot;:6,&quot;335559739&quot;:160,&quot;335559740&quot;:259}\">\u00a0<\/span><\/p><p><span data-contrast=\"auto\">Em primeiro lugar, importa ver Bel\u00e9m como a aldeia se mostra da estrada. Convidamo-lo a percorrer esta estrada a p\u00e9 (\u00e0 direita, no sentido da descida, ao sair da Casa\u00a0Ediana\u00a0ou da Casa Tiago); n\u00e3o \u00e9 muito frequentada por carros, mas, portanto, ande bem nos corredores laterais. Voc\u00ea vai passar em frente de lavandarias onde as mulheres batem a roupa com energia (todavia, isso se v\u00ea menos, agora, porque, nos \u00faltimos anos, a maioria das casas tem se beneficiado de liga\u00e7\u00e3o a \u00e1gua encanada no jardim); voc\u00ea dar\u00e1 uma olhada discreta (nenhuma foto sem pedir permiss\u00e3o) pelos port\u00f5es geralmente abertos, em frente aos quais as crian\u00e7as brincam e os cachorros bocejam. Voc\u00ea ver\u00e1 que os &#8220;quiosques&#8221;, essas pequenas barracas de madeira e lata \u00e0 beira da estrada onde voc\u00ea pode comprar produtos b\u00e1sicos (arroz, esparguete, molho de tomate, \u00f3leo, a\u00e7\u00facar, sab\u00e3o, detergente; e \u00e0s vezes, algumas frutas e verduras da horta), tamb\u00e9m s\u00e3o lugares de conv\u00edvio: bebe-se no balc\u00e3o cervejas e refrigerantes conversando animadamente, chama-se os passantes, os homens cortejam delicadamente as lindas meninas que v\u00eam fazer suas compras &#8211; que n\u00e3o deixam de responder com palavras mordazes. Notar\u00e1 que, em S\u00e3o Tom\u00e9 tal como em It\u00e1lia, como dizia um humorista, a linguagem corporal, e em particular o movimento das m\u00e3os, \u00e9 de certa forma a h\u00e9lice que propulsa o pensamento. Alguns quiosques, por al\u00e9m da rotunda do\u00a0caroceiro, tem mesas a beira da estrada onde servem pratos de comida de pre\u00e7o barato. Pare, beba ou coma, cumprimente, sorria; voc\u00ea vai se sentir rapidamente inserido na vida local.<\/span><span data-ccp-props=\"{&quot;201341983&quot;:0,&quot;335551550&quot;:6,&quot;335551620&quot;:6,&quot;335559739&quot;:160,&quot;335559740&quot;:259}\">\u00a0<\/span><\/p><p>\u00a0<br \/><span data-ccp-props=\"{&quot;201341983&quot;:0,&quot;335551550&quot;:6,&quot;335551620&quot;:6,&quot;335559739&quot;:160,&quot;335559740&quot;:259}\">\u00a0<\/span><\/p><p><span data-contrast=\"auto\">Aconselhamo-lo tamb\u00e9m a percorrer os numerosos pequenos caminhos que os locais chamam de &#8220;corta-mato&#8221;, que saem da estrada e serpentem entre as casas. Voc\u00ea descobrir\u00e1 que o habitat \u00e9 muito mais denso do que parece quando ficamos na estrada; muitas casas est\u00e3o aninhadas na vegeta\u00e7\u00e3o atr\u00e1s das outras. Visitando os bastidores, voc\u00ea aprender\u00e1 muito sobre o modo de vida dos Santomenses. De particular interesse a este respeito s\u00e3o os caminhos, sinalizados por n\u00f3s, numerados PP MZ 02, PP MZ 08 e PP MZ 09.\u00a0\u00a0\u00a0\u00a0\u00a0<\/span><span data-ccp-props=\"{&quot;201341983&quot;:0,&quot;335551550&quot;:6,&quot;335551620&quot;:6,&quot;335559739&quot;:160,&quot;335559740&quot;:259}\">\u00a0<\/span><\/p><p>\u00a0<br \/><span data-ccp-props=\"{&quot;201341983&quot;:0,&quot;335551550&quot;:6,&quot;335551620&quot;:6,&quot;335559739&quot;:160,&quot;335559740&quot;:259}\">\u00a0<\/span><\/p><p><span data-contrast=\"auto\">Por \u00faltimo, como j\u00e1 dissemos, Arc\u00e1dio e\u00a0<\/span><span data-contrast=\"none\">D\u00e1lio<\/span><span data-contrast=\"auto\">\u00a0o levar\u00e3o com prazer, ao seu pedido, nas festas que fazem uma boa parte do prazer da vida em S\u00e3o Tom\u00e9 e Pr\u00edncipe: as festas paroquiais &#8211; com as suas prociss\u00f5es, seus espet\u00e1culos de teatro de rua, suas barracas de\u00a0andalas\u00a0onde se comem\u00a0espetadinhas\u00a0de b\u00fazios e peixinhos grelhados, suas orquestras que fazem dan\u00e7ar na pra\u00e7a p\u00fablica casais de todas as idades; os fund\u00f5es, aqueles bailes de s\u00e1bado \u00e0 noite t\u00edpicos das sociedades de aldeia; noites em discotecas, muitas vezes ao ar livre, onde voc\u00ea pode ouvir m\u00fasica eletr\u00f4nica e \u201cm\u00fasica do mundo\u201d. Pode ir com eles tomar uma bebida nos pequenos bares onde os propriet\u00e1rios e clientes n\u00e3o t\u00eam muitas vezes a oportunidade de falar com estrangeiros e ficar\u00e3o felizes em lhe fazer v\u00e1rias perguntas (e em elogiar o nosso pa\u00eds, os Santomense geralmente tem muito orgulho da sua p\u00e1tria); ou em pequenos abrigos no meio do mato onde os nativos se encontram para beber vinho de palma.<\/span><span data-ccp-props=\"{&quot;201341983&quot;:0,&quot;335551550&quot;:6,&quot;335551620&quot;:6,&quot;335559739&quot;:160,&quot;335559740&quot;:259}\">\u00a0<\/span><\/p><p>\u00a0<br \/><span data-ccp-props=\"{&quot;201341983&quot;:0,&quot;335551550&quot;:6,&quot;335551620&quot;:6,&quot;335559739&quot;:160,&quot;335559740&quot;:259}\">\u00a0<\/span><\/p><p><span data-contrast=\"auto\">N\u00e3o vivemos s\u00f3 de divers\u00e3o, claro, em S\u00e3o Tom\u00e9 como noutros pa\u00edses. Produzir vinho de palma \u00e9 um trabalho \u00e1rduo; da mesma forma, colher cacau, capinar no cafezal, regar abacaxis&#8230; Iremos levar voc\u00ea \u00e0s planta\u00e7\u00f5es onde vai poder constatar isso no s\u00edtio. Tamb\u00e9m poder\u00e1 ter interesse em visitas guiadas com\u00a0<\/span><span data-contrast=\"none\">D\u00e1lio<\/span><span data-contrast=\"auto\">\u00a0de pequenas empresas que processam produtos locais: f\u00e1brica artesanal de \u00f3leo de palma, fabrica\u00e7\u00e3o de \u00f3leo de coco, de \u00f3leos essenciais para perfumes e produtos de beleza, planta\u00e7\u00e3o de flores tropicais para exporta\u00e7\u00e3o&#8230;<\/span><span data-ccp-props=\"{&quot;201341983&quot;:0,&quot;335551550&quot;:6,&quot;335551620&quot;:6,&quot;335559739&quot;:160,&quot;335559740&quot;:259}\">\u00a0<\/span><\/p><p>\u00a0<br \/><span data-ccp-props=\"{&quot;201341983&quot;:0,&quot;335551550&quot;:6,&quot;335551620&quot;:6,&quot;335559739&quot;:160,&quot;335559740&quot;:259}\">\u00a0<\/span><\/p><p><span data-contrast=\"auto\">Se tiver a possibilidade de escolher as datas da sua estadia, \u00e9 interessante tomar em conta o seguinte calend\u00e1rio. Os festivais com espet\u00e1culos de rua decorrem em cerca de trinta locais da ilha, durante as duas esta\u00e7\u00f5es secas: final de\u00a0Maio\u00a0a final de\u00a0Setembro\u00a0(a \u201cgravana\u201d); e a \u201cgravaninha\u201d, de final de\u00a0Dezembro\u00a0a\u00a0Fevereiro\u00a0(a data de encerramento deste per\u00edodo de festas depende da data em que come\u00e7a a Quaresma, estamos em um pa\u00eds cat\u00f3lico e n\u00e3o s\u00e3o permitidos festejos p\u00fablicos depois do Carnaval, at\u00e9 \u00e0 P\u00e1scoa). Festivais mais pr\u00f3ximos das nossas casas, e acess\u00edveis a p\u00e9, sem precisar de ve\u00edculo: a festa de Deus Pai, na Trindade, no fim-de-semana mais pr\u00f3ximo do 1\u00b0 de Junho; a festa de Sa<\/span><span data-contrast=\"none\">nta\u00a0Mocamba, no primeiro fim-de-semana de Julho; a festa de Nossa Senhora Peregrina em\u00a0Batep\u00e1\u00a0<\/span><span data-contrast=\"auto\">no fim-de-semana mais pr\u00f3ximo de 15 de Agosto; a festa de Nossa Senhora de Nazar\u00e9, mais uma vez na Trindade, no primeiro fim-de-semana de Setembro; a da Capela, no segundo fim-de-semana de Fevereiro; e, claro, a festa do Bom\u00a0Jesu\u00a0em Bel\u00e9m (espet\u00e1culo de rua na frente da Casa\u00a0Ediana), no \u00faltimo fim-de-semana de Julho.<\/span><span data-ccp-props=\"{&quot;201341983&quot;:0,&quot;335551550&quot;:6,&quot;335551620&quot;:6,&quot;335559739&quot;:160,&quot;335559740&quot;:259}\">\u00a0<\/span><\/p><p><span data-contrast=\"auto\">Outros eventos festivos locais: as tr\u00eas \u201cFestas do mato\u201d, festivais de m\u00fasica ao vivo organizados no meio da floresta perto da Trindade em\u00a0Junho,\u00a0Julho\u00a0e\u00a0Agosto. A corrida de trotes de fabrico local entre Monte Caf\u00e9 e Trindade, no final de\u00a0Maio.\u00a0\u00a0\u00a0\u00a0<\/span><span data-ccp-props=\"{&quot;201341983&quot;:0,&quot;335551550&quot;:6,&quot;335551620&quot;:6,&quot;335559739&quot;:160,&quot;335559740&quot;:259}\">\u00a0<\/span><\/p><p><span data-contrast=\"auto\">Alegrem-se\u00a0connosco!<\/span><span data-ccp-props=\"{&quot;201341983&quot;:0,&quot;335551550&quot;:6,&quot;335551620&quot;:6,&quot;335559739&quot;:160,&quot;335559740&quot;:259}\">\u00a0<\/span><\/p><p>\u00a0<\/p>\t\t\t\t\t\t\t\t<\/div>\n\t\t\t\t<\/div>\n\t\t\t\t\t<\/div>\n\t\t<\/div>\n\t\t\t\t<div class=\"elementor-column elementor-col-50 elementor-top-column elementor-element elementor-element-06307e0\" data-id=\"06307e0\" data-element_type=\"column\" data-e-type=\"column\">\n\t\t\t<div class=\"elementor-widget-wrap elementor-element-populated\">\n\t\t\t\t\t\t<div class=\"elementor-element elementor-element-cccfdb6 elementor-widget elementor-widget-heading\" data-id=\"cccfdb6\" data-element_type=\"widget\" data-e-type=\"widget\" data-widget_type=\"heading.default\">\n\t\t\t\t<div class=\"elementor-widget-container\">\n\t\t\t\t\t<h2 class=\"elementor-heading-title elementor-size-default\">Festa do \"Bom Jesu\" em Bel\u00e9m<\/h2>\t\t\t\t<\/div>\n\t\t\t\t<\/div>\n\t\t\t\t<div class=\"elementor-element elementor-element-0c23945 elementor-widget elementor-widget-image\" data-id=\"0c23945\" data-element_type=\"widget\" data-e-type=\"widget\" data-widget_type=\"image.default\">\n\t\t\t\t<div class=\"elementor-widget-container\">\n\t\t\t\t\t\t\t\t\t\t\t\t\t\t\t<img loading=\"lazy\" decoding=\"async\" width=\"1024\" height=\"768\" src=\"https:\/\/casaedianatiago-stp.com\/wp-content\/uploads\/2021\/07\/13-Bele\u0301m-fe\u0302te-du-Bom-Jesu-scaled-1-1024x768.jpeg\" class=\"attachment-large size-large wp-image-509\" alt=\"\" srcset=\"https:\/\/casaedianatiago-stp.com\/wp-content\/uploads\/2021\/07\/13-Bele\u0301m-fe\u0302te-du-Bom-Jesu-scaled-1-1024x768.jpeg 1024w, https:\/\/casaedianatiago-stp.com\/wp-content\/uploads\/2021\/07\/13-Bele\u0301m-fe\u0302te-du-Bom-Jesu-scaled-1-300x225.jpeg 300w, https:\/\/casaedianatiago-stp.com\/wp-content\/uploads\/2021\/07\/13-Bele\u0301m-fe\u0302te-du-Bom-Jesu-scaled-1-768x576.jpeg 768w, https:\/\/casaedianatiago-stp.com\/wp-content\/uploads\/2021\/07\/13-Bele\u0301m-fe\u0302te-du-Bom-Jesu-scaled-1-1536x1152.jpeg 1536w, https:\/\/casaedianatiago-stp.com\/wp-content\/uploads\/2021\/07\/13-Bele\u0301m-fe\u0302te-du-Bom-Jesu-scaled-1-2048x1536.jpeg 2048w\" sizes=\"(max-width: 1024px) 100vw, 1024px\" \/>\t\t\t\t\t\t\t\t\t\t\t\t\t\t\t<\/div>\n\t\t\t\t<\/div>\n\t\t\t\t<div class=\"elementor-element elementor-element-5406b12 elementor-widget elementor-widget-heading\" data-id=\"5406b12\" data-element_type=\"widget\" data-e-type=\"widget\" data-widget_type=\"heading.default\">\n\t\t\t\t<div class=\"elementor-widget-container\">\n\t\t\t\t\t<h2 class=\"elementor-heading-title elementor-size-default\">Desfile do Dan\u00e7o Congo, Trindade<\/h2>\t\t\t\t<\/div>\n\t\t\t\t<\/div>\n\t\t\t\t<div class=\"elementor-element elementor-element-2bef488 elementor-widget elementor-widget-image\" data-id=\"2bef488\" data-element_type=\"widget\" data-e-type=\"widget\" data-widget_type=\"image.default\">\n\t\t\t\t<div class=\"elementor-widget-container\">\n\t\t\t\t\t\t\t\t\t\t\t\t\t\t\t<img loading=\"lazy\" decoding=\"async\" width=\"720\" height=\"960\" src=\"https:\/\/casaedianatiago-stp.com\/wp-content\/uploads\/2021\/07\/6-Danc\u0327ocongo-Trindade-2-acheval-pm.jpeg\" class=\"attachment-large size-large wp-image-512\" alt=\"\" srcset=\"https:\/\/casaedianatiago-stp.com\/wp-content\/uploads\/2021\/07\/6-Danc\u0327ocongo-Trindade-2-acheval-pm.jpeg 720w, https:\/\/casaedianatiago-stp.com\/wp-content\/uploads\/2021\/07\/6-Danc\u0327ocongo-Trindade-2-acheval-pm-225x300.jpeg 225w\" sizes=\"(max-width: 720px) 100vw, 720px\" \/>\t\t\t\t\t\t\t\t\t\t\t\t\t\t\t<\/div>\n\t\t\t\t<\/div>\n\t\t\t\t<div class=\"elementor-element elementor-element-37aebb5 elementor-widget elementor-widget-heading\" data-id=\"37aebb5\" data-element_type=\"widget\" data-e-type=\"widget\" data-widget_type=\"heading.default\">\n\t\t\t\t<div class=\"elementor-widget-container\">\n\t\t\t\t\t<h2 class=\"elementor-heading-title elementor-size-default\">Banda na Trindade<\/h2>\t\t\t\t<\/div>\n\t\t\t\t<\/div>\n\t\t\t\t<div class=\"elementor-element elementor-element-4a91ec1 elementor-widget elementor-widget-image\" data-id=\"4a91ec1\" data-element_type=\"widget\" data-e-type=\"widget\" data-widget_type=\"image.default\">\n\t\t\t\t<div class=\"elementor-widget-container\">\n\t\t\t\t\t\t\t\t\t\t\t\t\t\t\t<img loading=\"lazy\" decoding=\"async\" width=\"433\" height=\"577\" src=\"https:\/\/casaedianatiago-stp.com\/wp-content\/uploads\/2021\/07\/7-Harmonie-municipale-Trindade-pm-rotated-1.jpeg\" class=\"attachment-large size-large wp-image-511\" alt=\"\" srcset=\"https:\/\/casaedianatiago-stp.com\/wp-content\/uploads\/2021\/07\/7-Harmonie-municipale-Trindade-pm-rotated-1.jpeg 433w, https:\/\/casaedianatiago-stp.com\/wp-content\/uploads\/2021\/07\/7-Harmonie-municipale-Trindade-pm-rotated-1-225x300.jpeg 225w\" sizes=\"(max-width: 433px) 100vw, 433px\" \/>\t\t\t\t\t\t\t\t\t\t\t\t\t\t\t<\/div>\n\t\t\t\t<\/div>\n\t\t\t\t<div class=\"elementor-element elementor-element-396ab8b elementor-widget elementor-widget-heading\" data-id=\"396ab8b\" data-element_type=\"widget\" data-e-type=\"widget\" data-widget_type=\"heading.default\">\n\t\t\t\t<div class=\"elementor-widget-container\">\n\t\t\t\t\t<h2 class=\"elementor-heading-title elementor-size-default\">Baile <\/h2>\t\t\t\t<\/div>\n\t\t\t\t<\/div>\n\t\t\t\t<div class=\"elementor-element elementor-element-ac68670 elementor-widget elementor-widget-image\" data-id=\"ac68670\" data-element_type=\"widget\" data-e-type=\"widget\" data-widget_type=\"image.default\">\n\t\t\t\t<div class=\"elementor-widget-container\">\n\t\t\t\t\t\t\t\t\t\t\t\t\t\t\t<img decoding=\"async\" src=\"https:\/\/casaedianatiago-stp.com\/wp-content\/plugins\/elementor\/assets\/images\/placeholder.png\" title=\"\" alt=\"\" loading=\"lazy\" \/>\t\t\t\t\t\t\t\t\t\t\t\t\t\t\t<\/div>\n\t\t\t\t<\/div>\n\t\t\t\t<div class=\"elementor-element elementor-element-1959ec2 elementor-widget elementor-widget-heading\" data-id=\"1959ec2\" data-element_type=\"widget\" data-e-type=\"widget\" data-widget_type=\"heading.default\">\n\t\t\t\t<div class=\"elementor-widget-container\">\n\t\t\t\t\t<h2 class=\"elementor-heading-title elementor-size-default\">Abertura de c\u00e1psulas de cacau<\/h2>\t\t\t\t<\/div>\n\t\t\t\t<\/div>\n\t\t\t\t<div class=\"elementor-element elementor-element-5fd7aa6 elementor-widget elementor-widget-image\" data-id=\"5fd7aa6\" data-element_type=\"widget\" data-e-type=\"widget\" data-widget_type=\"image.default\">\n\t\t\t\t<div class=\"elementor-widget-container\">\n\t\t\t\t\t\t\t\t\t\t\t\t\t\t\t<img loading=\"lazy\" decoding=\"async\" width=\"577\" height=\"433\" src=\"https:\/\/casaedianatiago-stp.com\/wp-content\/uploads\/2021\/07\/9-cacao-a\u0300-louverture-des-cabosses-pm.jpeg\" class=\"attachment-large size-large wp-image-514\" alt=\"\" srcset=\"https:\/\/casaedianatiago-stp.com\/wp-content\/uploads\/2021\/07\/9-cacao-a\u0300-louverture-des-cabosses-pm.jpeg 577w, https:\/\/casaedianatiago-stp.com\/wp-content\/uploads\/2021\/07\/9-cacao-a\u0300-louverture-des-cabosses-pm-300x225.jpeg 300w\" sizes=\"(max-width: 577px) 100vw, 577px\" \/>\t\t\t\t\t\t\t\t\t\t\t\t\t\t\t<\/div>\n\t\t\t\t<\/div>\n\t\t\t\t<div class=\"elementor-element elementor-element-66a8831 elementor-widget elementor-widget-heading\" data-id=\"66a8831\" data-element_type=\"widget\" data-e-type=\"widget\" data-widget_type=\"heading.default\">\n\t\t\t\t<div class=\"elementor-widget-container\">\n\t\t\t\t\t<h2 class=\"elementor-heading-title elementor-size-default\">De manh\u00e3 cedo, partida para o campo<\/h2>\t\t\t\t<\/div>\n\t\t\t\t<\/div>\n\t\t\t\t<div class=\"elementor-element elementor-element-69b9722 elementor-widget elementor-widget-image\" data-id=\"69b9722\" data-element_type=\"widget\" data-e-type=\"widget\" data-widget_type=\"image.default\">\n\t\t\t\t<div class=\"elementor-widget-container\">\n\t\t\t\t\t\t\t\t\t\t\t\t\t\t\t<img loading=\"lazy\" decoding=\"async\" width=\"1024\" height=\"768\" src=\"https:\/\/casaedianatiago-stp.com\/wp-content\/uploads\/2021\/07\/de\u0301part-aux-champs-1-1024x768.jpeg\" class=\"attachment-large size-large wp-image-513\" alt=\"\" srcset=\"https:\/\/casaedianatiago-stp.com\/wp-content\/uploads\/2021\/07\/de\u0301part-aux-champs-1-1024x768.jpeg 1024w, https:\/\/casaedianatiago-stp.com\/wp-content\/uploads\/2021\/07\/de\u0301part-aux-champs-1-300x225.jpeg 300w, https:\/\/casaedianatiago-stp.com\/wp-content\/uploads\/2021\/07\/de\u0301part-aux-champs-1-768x576.jpeg 768w, https:\/\/casaedianatiago-stp.com\/wp-content\/uploads\/2021\/07\/de\u0301part-aux-champs-1-1536x1152.jpeg 1536w, https:\/\/casaedianatiago-stp.com\/wp-content\/uploads\/2021\/07\/de\u0301part-aux-champs-1-2048x1536.jpeg 2048w\" sizes=\"(max-width: 1024px) 100vw, 1024px\" \/>\t\t\t\t\t\t\t\t\t\t\t\t\t\t\t<\/div>\n\t\t\t\t<\/div>\n\t\t\t\t<div class=\"elementor-element elementor-element-41af993 elementor-widget elementor-widget-heading\" data-id=\"41af993\" data-element_type=\"widget\" data-e-type=\"widget\" data-widget_type=\"heading.default\">\n\t\t\t\t<div class=\"elementor-widget-container\">\n\t\t\t\t\t<h2 class=\"elementor-heading-title elementor-size-default\">Trotes na chegada da corrida na Trindade<\/h2>\t\t\t\t<\/div>\n\t\t\t\t<\/div>\n\t\t\t\t<div class=\"elementor-element elementor-element-6a84f85 elementor-widget elementor-widget-image\" data-id=\"6a84f85\" data-element_type=\"widget\" data-e-type=\"widget\" data-widget_type=\"image.default\">\n\t\t\t\t<div class=\"elementor-widget-container\">\n\t\t\t\t\t\t\t\t\t\t\t\t\t\t\t<img loading=\"lazy\" decoding=\"async\" width=\"433\" height=\"577\" src=\"https:\/\/casaedianatiago-stp.com\/wp-content\/uploads\/2021\/07\/10-trottinettes-pm.jpeg\" class=\"attachment-large size-large wp-image-515\" alt=\"\" srcset=\"https:\/\/casaedianatiago-stp.com\/wp-content\/uploads\/2021\/07\/10-trottinettes-pm.jpeg 433w, https:\/\/casaedianatiago-stp.com\/wp-content\/uploads\/2021\/07\/10-trottinettes-pm-225x300.jpeg 225w\" sizes=\"(max-width: 433px) 100vw, 433px\" \/>\t\t\t\t\t\t\t\t\t\t\t\t\t\t\t<\/div>\n\t\t\t\t<\/div>\n\t\t\t\t\t<\/div>\n\t\t<\/div>\n\t\t\t\t\t<\/div>\n\t\t<\/section>\n\t\t\t\t<\/div>\n\t\t","protected":false},"excerpt":{"rendered":"<p>Casa\u00a0Ediana\u00a0e Casa Tiago fazem parte da associa\u00e7\u00e3o PTP SANTOLA: uma associa\u00e7\u00e3o que pretende que o turismo que se come\u00e7a a desenvolver no arquip\u00e9lago seja uma oportunidade de encontros e interc\u00e2mbios.\u00a0 A ideia que fundamenta esta associa\u00e7\u00e3o \u00e9 a seguinte. Em muitos dos chamados pa\u00edses \u201cem desenvolvimento\u201d, o turismo internacional \u00e9 uma fonte de tens\u00e3o social: &#8230; <a title=\"Imers\u00e3o na vida local\" class=\"read-more\" href=\"https:\/\/casaedianatiago-stp.com\/index.php\/2021\/07\/29\/imersao-na-vida-local\/\" aria-label=\"Leia mais sobre Imers\u00e3o na vida local\">Ler mais<\/a><\/p>\n","protected":false},"author":1,"featured_media":0,"comment_status":"open","ping_status":"open","sticky":false,"template":"","format":"standard","meta":{"footnotes":""},"categories":[5,1],"tags":[],"class_list":["post-392","post","type-post","status-publish","format-standard","hentry","category-atividades","category-o"],"_links":{"self":[{"href":"https:\/\/casaedianatiago-stp.com\/index.php\/wp-json\/wp\/v2\/posts\/392","targetHints":{"allow":["GET"]}}],"collection":[{"href":"https:\/\/casaedianatiago-stp.com\/index.php\/wp-json\/wp\/v2\/posts"}],"about":[{"href":"https:\/\/casaedianatiago-stp.com\/index.php\/wp-json\/wp\/v2\/types\/post"}],"author":[{"embeddable":true,"href":"https:\/\/casaedianatiago-stp.com\/index.php\/wp-json\/wp\/v2\/users\/1"}],"replies":[{"embeddable":true,"href":"https:\/\/casaedianatiago-stp.com\/index.php\/wp-json\/wp\/v2\/comments?post=392"}],"version-history":[{"count":40,"href":"https:\/\/casaedianatiago-stp.com\/index.php\/wp-json\/wp\/v2\/posts\/392\/revisions"}],"predecessor-version":[{"id":1119,"href":"https:\/\/casaedianatiago-stp.com\/index.php\/wp-json\/wp\/v2\/posts\/392\/revisions\/1119"}],"wp:attachment":[{"href":"https:\/\/casaedianatiago-stp.com\/index.php\/wp-json\/wp\/v2\/media?parent=392"}],"wp:term":[{"taxonomy":"category","embeddable":true,"href":"https:\/\/casaedianatiago-stp.com\/index.php\/wp-json\/wp\/v2\/categories?post=392"},{"taxonomy":"post_tag","embeddable":true,"href":"https:\/\/casaedianatiago-stp.com\/index.php\/wp-json\/wp\/v2\/tags?post=392"}],"curies":[{"name":"wp","href":"https:\/\/api.w.org\/{rel}","templated":true}]}}